{"id":473,"date":"2019-11-15T19:45:14","date_gmt":"2019-11-15T17:45:14","guid":{"rendered":"http:\/\/www.varcom.de\/?p=473"},"modified":"2020-06-02T10:23:11","modified_gmt":"2020-06-02T08:23:11","slug":"6-papier-und-kartonboot-regatta-am-12-juni-2020","status":"publish","type":"post","link":"http:\/\/www.varcom.de\/?p=473","title":{"rendered":"Absage 2020: 6. Papier- und Kartonboot-Regatta auf dem  25. Juni 2021 verschoben"},"content":{"rendered":"\n<div class=\"wp-block-image\"><figure class=\"aligncenter size-large\"><img decoding=\"async\" loading=\"lazy\" width=\"600\" height=\"848\" src=\"http:\/\/www.varcom.de\/wp-content\/uploads\/2019\/11\/PK-2020-600.jpg\" alt=\"\" class=\"wp-image-474\" srcset=\"http:\/\/www.varcom.de\/wp-content\/uploads\/2019\/11\/PK-2020-600.jpg 600w, http:\/\/www.varcom.de\/wp-content\/uploads\/2019\/11\/PK-2020-600-212x300.jpg 212w\" sizes=\"(max-width: 600px) 100vw, 600px\" \/><\/figure><\/div>\n\n\n\n<h2 class=\"wp-block-heading\">Jetzt anmelden und dabei sein&#8230;.<\/h2>\n\n\n\n<h2 class=\"has-text-align-center wp-block-heading\">Ein tolles Event f\u00fcr alle Schulen, Jugendgruppen und Ausbildungsbetriebe<\/h2>\n\n\n\n<p>Gemeinsam\nein Kartonboot bauen und im Wettkampf gegen die Teams der Schulen,\nJugendgruppen und anderen Betrieben das beste Ergebnis erreichen. 2019\npaddelten 54 Kartonboot-Teams im Vareler Hafen um die inoffiziellen WM-Titel im\n2er Kartonboot. \u00dcber 500 Azubis, Sch\u00fcler*innen und sehr viele G\u00e4ste machen die\nPapier- und Kartonboot-Regatta zu einem ganz besonderen Teamerlebnis.<\/p>\n\n\n\n<p><strong>Papier- und Kartonboot-Regatta am 25. Juni 2021<\/strong><\/p>\n\n\n\n<p><strong>von 8 bis 16 Uhr an der &nbsp;Vareler\nSchleuse<\/strong><\/p>\n\n\n\n<ul><li>Regattatag-Organisation\ndurch die BBS Varel<\/li><li>Zwei bis\nvier Regattal\u00e4ufe je Team und&nbsp; \u201eLucky\nLooser \u201eRegatta<\/li><li>Finale mit\njeweils 10 Kartonbooten in der Fun-, Sport- und Frauen-WM<\/li><li>Imbiss und\nGetr\u00e4nkeverkauf<\/li><li>Musikprogramm\nmit DJ<\/li><li>Pavillonstellplatz\nan der Regattastrecke<\/li><li>Bereitstellung\nvon Schwimmwesten und Paddel<\/li><li>Bereitstellung\naller Baumaterialien und Werkzeuge<\/li><li>Teamcoaching\nin der Bauphase der Kartonboote<\/li><li>Bootsbau\nnach Schablone oder kreativ selbstgestaltet<\/li><li>Ausbildungsplatzmarketing\nin der Presse und Sozialen Medien<\/li><\/ul>\n\n\n\n<p><\/p>\n\n\n\n<h2 class=\"wp-block-heading\">   <\/h2>\n\n\n\n<div class=\"wp-block-button\"><a class=\"wp-block-button__link has-text-color has-very-light-gray-color has-background has-vivid-red-background-color\" href=\"http:\/\/www.varcom.de\/wp-content\/uploads\/2019\/11\/Teilnahme-an-der-Kartonboot-Schule.pdf\" style=\"border-radius:50px\" target=\"_blank\" rel=\"noreferrer noopener\">Als Schule oder Jugendgruppe anmelden&#8230;<\/a><\/div>\n\n\n\n<h2 class=\"wp-block-heading\">   <\/h2>\n\n\n\n<div class=\"wp-block-button\"><a class=\"wp-block-button__link has-text-color has-very-light-gray-color has-background has-vivid-red-background-color\" href=\"http:\/\/www.varcom.de\/wp-content\/uploads\/2019\/11\/Teilnahme-an-der-Kartonboot-Betriebe.pdf\" rel=\"http:\/\/www.varcom.de\/wp-content\/uploads\/2019\/11\/Teilnahme-an-der-Kartonboot-Betriebe.pdf\">Als Ausbildungsbetrieb anmelden&#8230;         <\/a><\/div>\n\n\n\n<h2 class=\"wp-block-heading\">   <\/h2>\n\n\n\n<figure class=\"wp-block-embed-youtube aligncenter wp-block-embed is-type-video is-provider-youtube wp-embed-aspect-16-9 wp-has-aspect-ratio\"><div class=\"wp-block-embed__wrapper\">\n<iframe loading=\"lazy\" title=\"5. Papier- und Kartonbootregatta am Vareler Hafen\" width=\"1170\" height=\"658\" src=\"https:\/\/www.youtube.com\/embed\/vNBKSQemAhs?feature=oembed\" frameborder=\"0\" allow=\"accelerometer; autoplay; encrypted-media; gyroscope; picture-in-picture\" allowfullscreen><\/iframe>\n<\/div><figcaption>Die Regatta 2019<\/figcaption><\/figure>\n\n\n\n<h2 class=\"wp-block-heading\">  <\/h2>\n\n\n\n<div class=\"wp-block-button\"><a class=\"wp-block-button__link has-text-color has-very-light-gray-color has-background has-vivid-cyan-blue-background-color\" href=\"https:\/\/www.facebook.com\/pkvregatta\/\">Die Regatta auf Facebook&#8230;<\/a><\/div>\n\n\n\n<h2 class=\"wp-block-heading\">   <\/h2>\n\n\n\n<div class=\"wp-block-button\"><a class=\"wp-block-button__link has-text-color has-very-light-gray-color has-background has-vivid-red-background-color\" href=\"http:\/\/www.friesischer-rundfunk.de\/Nachricht.asp?ID=105460\">Regattavideo 2017&#8230;<\/a><\/div>\n\n\n\n<h2 class=\"wp-block-heading\">   <\/h2>\n\n\n\n<figure class=\"wp-block-image size-large\"><img decoding=\"async\" loading=\"lazy\" width=\"1024\" height=\"479\" src=\"http:\/\/www.varcom.de\/wp-content\/uploads\/2019\/11\/Regatta-2018-1024x479.jpg\" alt=\"\" class=\"wp-image-478\" srcset=\"http:\/\/www.varcom.de\/wp-content\/uploads\/2019\/11\/Regatta-2018-1024x479.jpg 1024w, http:\/\/www.varcom.de\/wp-content\/uploads\/2019\/11\/Regatta-2018-300x140.jpg 300w, http:\/\/www.varcom.de\/wp-content\/uploads\/2019\/11\/Regatta-2018-768x359.jpg 768w, http:\/\/www.varcom.de\/wp-content\/uploads\/2019\/11\/Regatta-2018-1536x719.jpg 1536w, http:\/\/www.varcom.de\/wp-content\/uploads\/2019\/11\/Regatta-2018-2048x959.jpg 2048w\" sizes=\"(max-width: 1024px) 100vw, 1024px\" \/><\/figure>\n","protected":false},"excerpt":{"rendered":"<p>Jetzt anmelden und dabei sein&#8230;. Ein tolles Event f\u00fcr alle Schulen, Jugendgruppen und Ausbildungsbetriebe Gemeinsam ein Kartonboot bauen und im Wettkampf gegen die Teams der Schulen, Jugendgruppen und anderen Betrieben das beste Ergebnis erreichen. 2019 paddelten 54 Kartonboot-Teams im Vareler Hafen um die inoffiziellen WM-Titel im 2er Kartonboot. \u00dcber 500 Azubis, Sch\u00fcler*innen und sehr viele [&hellip;]<\/p>\n","protected":false},"author":1,"featured_media":0,"comment_status":"closed","ping_status":"closed","sticky":false,"template":"","format":"standard","meta":{"ngg_post_thumbnail":0},"categories":[1],"tags":[],"_links":{"self":[{"href":"http:\/\/www.varcom.de\/index.php?rest_route=\/wp\/v2\/posts\/473"}],"collection":[{"href":"http:\/\/www.varcom.de\/index.php?rest_route=\/wp\/v2\/posts"}],"about":[{"href":"http:\/\/www.varcom.de\/index.php?rest_route=\/wp\/v2\/types\/post"}],"author":[{"embeddable":true,"href":"http:\/\/www.varcom.de\/index.php?rest_route=\/wp\/v2\/users\/1"}],"replies":[{"embeddable":true,"href":"http:\/\/www.varcom.de\/index.php?rest_route=%2Fwp%2Fv2%2Fcomments&post=473"}],"version-history":[{"count":22,"href":"http:\/\/www.varcom.de\/index.php?rest_route=\/wp\/v2\/posts\/473\/revisions"}],"predecessor-version":[{"id":683,"href":"http:\/\/www.varcom.de\/index.php?rest_route=\/wp\/v2\/posts\/473\/revisions\/683"}],"wp:attachment":[{"href":"http:\/\/www.varcom.de\/index.php?rest_route=%2Fwp%2Fv2%2Fmedia&parent=473"}],"wp:term":[{"taxonomy":"category","embeddable":true,"href":"http:\/\/www.varcom.de\/index.php?rest_route=%2Fwp%2Fv2%2Fcategories&post=473"},{"taxonomy":"post_tag","embeddable":true,"href":"http:\/\/www.varcom.de\/index.php?rest_route=%2Fwp%2Fv2%2Ftags&post=473"}],"curies":[{"name":"wp","href":"https:\/\/api.w.org\/{rel}","templated":true}]}}