{"id":372,"date":"2017-09-21T11:30:15","date_gmt":"2017-09-21T09:30:15","guid":{"rendered":"http:\/\/www.varcom.de\/?p=372"},"modified":"2018-06-26T15:15:41","modified_gmt":"2018-06-26T13:15:41","slug":"papier-und-kartonboot-regatta%c2%b3-am-9-kuni-2017","status":"publish","type":"post","link":"http:\/\/www.varcom.de\/?p=372","title":{"rendered":"4. Papier- und Kartonboot-Regatta am 1. Juni 2018"},"content":{"rendered":"<p><a href=\"http:\/\/www.varcom.de\/wp-content\/uploads\/2017\/09\/PK-Banner-mit-Logos-2018.jpg\"><img decoding=\"async\" loading=\"lazy\" class=\"alignnone size-large wp-image-459\" src=\"http:\/\/www.varcom.de\/wp-content\/uploads\/2017\/09\/PK-Banner-mit-Logos-2018-1024x539.jpg\" alt=\"\" width=\"1024\" height=\"539\" srcset=\"http:\/\/www.varcom.de\/wp-content\/uploads\/2017\/09\/PK-Banner-mit-Logos-2018-1024x539.jpg 1024w, http:\/\/www.varcom.de\/wp-content\/uploads\/2017\/09\/PK-Banner-mit-Logos-2018-300x158.jpg 300w, http:\/\/www.varcom.de\/wp-content\/uploads\/2017\/09\/PK-Banner-mit-Logos-2018-768x404.jpg 768w, http:\/\/www.varcom.de\/wp-content\/uploads\/2017\/09\/PK-Banner-mit-Logos-2018.jpg 1470w\" sizes=\"(max-width: 1024px) 100vw, 1024px\" \/><\/a><\/p>\n<h4>Moin zusammen,<\/h4>\n<h4>macht die Papier- und Kartonboot-Regatta am 1. Juni 2018 wieder mit euren Jugend-, Schul- oder Azubi-Teams zu einem geilen Erlebnis.<br \/>\nWenn ihr die Kartonbootmeisterschaft gewinnen oder auf der B\u00fchne gro\u00df herauskommen wollt, dann meldet euch bei uns an. Wir freuen uns auch \u00fcber jede Idee oder Aktion, die zu uns passt und die Veranstaltung bereichert.<\/h4>\n<h4>Sprecht uns an und teilt uns eure W\u00fcnsche mit, wir sind f\u00fcr euch da!<\/h4>\n<p>&nbsp;<\/p>\n<p><a href=\"http:\/\/www.varcom.de\/wp-content\/uploads\/2017\/09\/Banner-2018.jpg\"><img decoding=\"async\" loading=\"lazy\" class=\"alignnone size-large wp-image-415\" src=\"http:\/\/www.varcom.de\/wp-content\/uploads\/2017\/09\/Banner-2018-1024x230.jpg\" alt=\"\" width=\"1024\" height=\"230\" srcset=\"http:\/\/www.varcom.de\/wp-content\/uploads\/2017\/09\/Banner-2018-1024x230.jpg 1024w, http:\/\/www.varcom.de\/wp-content\/uploads\/2017\/09\/Banner-2018-300x68.jpg 300w, http:\/\/www.varcom.de\/wp-content\/uploads\/2017\/09\/Banner-2018-768x173.jpg 768w, http:\/\/www.varcom.de\/wp-content\/uploads\/2017\/09\/Banner-2018.jpg 1280w\" sizes=\"(max-width: 1024px) 100vw, 1024px\" \/><\/a><\/p>\n<h4><span style=\"color: #ff0000;\"><strong>Teilnahme als Regattateam:<\/strong><\/span><\/h4>\n<h4>Wer mit einem Jugend- oder Schulteam mit einem eigenen Kartonboot teilnehmen m\u00f6chte, bekommt das Baumaterial und eine umfassende Hilfestellung kostenfrei bereitgestellt.<\/h4>\n<h4>Wer als Ausbildungsbetrieb Kartonbootteams ins Rennen schicken m\u00f6chte muss eine geringe Startgeb\u00fchr entrichten, in der das Baumaterial und das Coaching der Azubis enthalten ist. Mit jedem Azubiboot wird auch ein Jugendgruppen- oder Schulboot gesponsert.<\/h4>\n<h4>Paddel und Schwimmwesten werden den Teams am Regattatag leihweise kostenfrei zur Verf\u00fcgung gestellt.<\/h4>\n<h4>&nbsp;<a href=\"http:\/\/www.varcom.de\/wp-content\/uploads\/2017\/09\/Pk-2017.jpg\"><img decoding=\"async\" loading=\"lazy\" class=\"size-large wp-image-416 aligncenter\" src=\"http:\/\/www.varcom.de\/wp-content\/uploads\/2017\/09\/Pk-2017-1024x477.jpg\" alt=\"\" width=\"1024\" height=\"477\" srcset=\"http:\/\/www.varcom.de\/wp-content\/uploads\/2017\/09\/Pk-2017-1024x477.jpg 1024w, http:\/\/www.varcom.de\/wp-content\/uploads\/2017\/09\/Pk-2017-300x140.jpg 300w, http:\/\/www.varcom.de\/wp-content\/uploads\/2017\/09\/Pk-2017-768x358.jpg 768w, http:\/\/www.varcom.de\/wp-content\/uploads\/2017\/09\/Pk-2017.jpg 1280w\" sizes=\"(max-width: 1024px) 100vw, 1024px\" \/><\/a><\/h4>\n<h4><span style=\"color: #ff0000;\"><strong>Teilnahme als B\u00fchnengruppe:<\/strong><\/span><\/h4>\n<h4>Wir freuen uns \u00fcber euren Auftritt als Musik-, Sport- oder Funteam. \u00dcberlegt euch mit was ihr das Publikum begeistern wollt und teilt es uns mit.<\/h4>\n<p><a href=\"http:\/\/www.varcom.de\/wp-content\/uploads\/2017\/09\/Regattastrecke.jpg\"><img decoding=\"async\" loading=\"lazy\" class=\"size-large wp-image-417 aligncenter\" src=\"http:\/\/www.varcom.de\/wp-content\/uploads\/2017\/09\/Regattastrecke-1024x715.jpg\" alt=\"\" width=\"1024\" height=\"715\" srcset=\"http:\/\/www.varcom.de\/wp-content\/uploads\/2017\/09\/Regattastrecke-1024x715.jpg 1024w, http:\/\/www.varcom.de\/wp-content\/uploads\/2017\/09\/Regattastrecke-300x210.jpg 300w, http:\/\/www.varcom.de\/wp-content\/uploads\/2017\/09\/Regattastrecke-768x536.jpg 768w, http:\/\/www.varcom.de\/wp-content\/uploads\/2017\/09\/Regattastrecke.jpg 1280w\" sizes=\"(max-width: 1024px) 100vw, 1024px\" \/><\/a><\/p>\n<h4><span style=\"color: #ff0000;\"><strong>Cateringaktionen<\/strong><\/span><\/h4>\n<h4>Wenn ihr gerne die Klassenkasse f\u00fcllen oder einen guten Zweck f\u00f6rdern m\u00f6chtet, seid ihr bei uns richtig. Nennt uns eure W\u00fcnsche und wir werden mit euch zusammen eine L\u00f6sung zu entwickeln.<\/h4>\n<p>&nbsp;<\/p>\n<h4>&nbsp;<a href=\"http:\/\/www.varcom.de\/wp-content\/uploads\/2017\/09\/Musik.jpg\"><img decoding=\"async\" loading=\"lazy\" class=\"alignnone size-large wp-image-418\" src=\"http:\/\/www.varcom.de\/wp-content\/uploads\/2017\/09\/Musik-1024x549.jpg\" alt=\"\" width=\"1024\" height=\"549\" srcset=\"http:\/\/www.varcom.de\/wp-content\/uploads\/2017\/09\/Musik-1024x549.jpg 1024w, http:\/\/www.varcom.de\/wp-content\/uploads\/2017\/09\/Musik-300x161.jpg 300w, http:\/\/www.varcom.de\/wp-content\/uploads\/2017\/09\/Musik-768x412.jpg 768w, http:\/\/www.varcom.de\/wp-content\/uploads\/2017\/09\/Musik.jpg 1280w\" sizes=\"(max-width: 1024px) 100vw, 1024px\" \/><\/a><\/h4>\n<h4><span style=\"color: #ff0000;\"><strong>Interaktive Infost\u00e4nde<\/strong><\/span><\/h4>\n<h4>Wer sich als teilnehmende\/r Betrieb, Jugendgruppe oder Schule mit Fun &amp; Action darstellen m\u00f6chte, erh\u00e4lt die kostenfreie M\u00f6glichkeit es zu tun. Sprecht uns an, wir beraten euch gerne.<\/h4>\n<p>&nbsp;<\/p>\n<h3><a href=\"https:\/\/www.facebook.com\/pkvregatta\/\" target=\"_blank\" rel=\"noopener\">Die Regatta auf Facebook&#8230;<\/a><\/h3>\n<h3>&nbsp;<\/h3>\n<h3>&nbsp;<a href=\"http:\/\/www.varcom.de\/wp-content\/uploads\/2015\/09\/Anmeldung2016.pdf\">Anmeldung2018 (Bitte das Anmeldejahr anpassen)<\/a><\/h3>\n<p>&nbsp;<\/p>\n<h3><a href=\"http:\/\/www.friesischer-rundfunk.de\/Nachricht.asp?ID=105460\">Der Film zur Regatta 2017<\/a><\/h3>\n<h4>&nbsp;<\/h4>\n<h3><a href=\"http:\/\/www.varcom.de\/wp-content\/uploads\/2017\/09\/Regatta_FlyerAusbildung_Korr3.pdf\">Der Bewerbungsflyer f\u00fcr Ausbildungspl\u00e4tze zum 1. August 2019<\/a><\/h3>\n<p>&nbsp;<\/p>\n<h4>Unser Team steht euch mit Rat und Tat beiseite. Wendet euch bitte an:<\/h4>\n<h4>&nbsp;<\/h4>\n<h4>Uwe Brennecke<br \/>\nMenckestra\u00dfe 2c<br \/>\n26316 Varel<br \/>\nMail: <span style=\"color: #ff0000;\"><strong>pk-team@varcom.de<\/strong><\/span><br \/>\nTelefon: 04451 959200<br \/>\nFax:&nbsp;&nbsp;&nbsp;&nbsp;&nbsp;&nbsp; 04451 957810<br \/>\nMobil:&nbsp;&nbsp;&nbsp; 0170 2312010<\/h4>\n","protected":false},"excerpt":{"rendered":"<p>Moin zusammen, macht die Papier- und Kartonboot-Regatta am 1. Juni 2018 wieder mit euren Jugend-, Schul- oder Azubi-Teams zu einem geilen Erlebnis. Wenn ihr die Kartonbootmeisterschaft gewinnen oder auf der B\u00fchne gro\u00df herauskommen wollt, dann meldet euch bei uns an. Wir freuen uns auch \u00fcber jede Idee oder Aktion, die zu uns passt und die [&hellip;]<\/p>\n","protected":false},"author":1,"featured_media":416,"comment_status":"closed","ping_status":"closed","sticky":false,"template":"","format":"standard","meta":{"ngg_post_thumbnail":0},"categories":[1],"tags":[],"_links":{"self":[{"href":"http:\/\/www.varcom.de\/index.php?rest_route=\/wp\/v2\/posts\/372"}],"collection":[{"href":"http:\/\/www.varcom.de\/index.php?rest_route=\/wp\/v2\/posts"}],"about":[{"href":"http:\/\/www.varcom.de\/index.php?rest_route=\/wp\/v2\/types\/post"}],"author":[{"embeddable":true,"href":"http:\/\/www.varcom.de\/index.php?rest_route=\/wp\/v2\/users\/1"}],"replies":[{"embeddable":true,"href":"http:\/\/www.varcom.de\/index.php?rest_route=%2Fwp%2Fv2%2Fcomments&post=372"}],"version-history":[{"count":21,"href":"http:\/\/www.varcom.de\/index.php?rest_route=\/wp\/v2\/posts\/372\/revisions"}],"predecessor-version":[{"id":462,"href":"http:\/\/www.varcom.de\/index.php?rest_route=\/wp\/v2\/posts\/372\/revisions\/462"}],"wp:featuredmedia":[{"embeddable":true,"href":"http:\/\/www.varcom.de\/index.php?rest_route=\/wp\/v2\/media\/416"}],"wp:attachment":[{"href":"http:\/\/www.varcom.de\/index.php?rest_route=%2Fwp%2Fv2%2Fmedia&parent=372"}],"wp:term":[{"taxonomy":"category","embeddable":true,"href":"http:\/\/www.varcom.de\/index.php?rest_route=%2Fwp%2Fv2%2Fcategories&post=372"},{"taxonomy":"post_tag","embeddable":true,"href":"http:\/\/www.varcom.de\/index.php?rest_route=%2Fwp%2Fv2%2Ftags&post=372"}],"curies":[{"name":"wp","href":"https:\/\/api.w.org\/{rel}","templated":true}]}}